{"id":20008,"date":"2024-04-26T19:27:33","date_gmt":"2024-04-26T17:27:33","guid":{"rendered":"https:\/\/ringuvos-sm.siauliai.lm.lt\/?p=20008"},"modified":"2024-04-26T19:29:04","modified_gmt":"2024-04-26T17:29:04","slug":"2024-04-23-forumas-diskusija-tevai-tevams","status":"publish","type":"post","link":"https:\/\/ringuvos-sm.siauliai.lm.lt\/?p=20008","title":{"rendered":"2024 04 23 Forumas &#8211; diskusija \u201eT\u0117vai t\u0117vams\u201c"},"content":{"rendered":"<h6><span style=\"color: #000000;\">Baland\u017eio 23 dien\u0105 \u0160iauli\u0173 \u201eRinguvos\u201c mokykloje vyko forumas &#8211; diskusija \u201eT\u0117vai t\u0117vams\u201c. Forumo &#8211; diskusijos tikslas\u2013skatinti t\u0117v\u0173 (glob\u0117j\u0173, r\u016bpintoj\u0173), mokytoj\u0173, pagalbos mokiniui specialist\u0173 bendradarbiavim\u0105 konstruojant \u012f s\u0117km\u0119 orientuot\u0105 mokini\u0173 ugdym\u0105(si). Savo patirtimi dalinosi: Ligita Mickien\u0117, \u0160iauli\u0173 miesto pedagogin\u0117s psichologin\u0117s tarnybos socialin\u0117 pedagog\u0117 ekspert\u0117, Elena Gird\u017ei\u016bnien\u0117, mokinio mama, specialioji psicholog\u0117, Ingrida Jurevi\u010di\u016bt\u0117-\u0160ak\u0117, autisti\u0161ko vaiko mama, specialioji pedagog\u0117-logoped\u0117, DIR Floortime terapeut\u0117, Asociacijos <a class=\"x1i10hfl xjbqb8w x1ejq31n xd10rxx x1sy0etr x17r0tee x972fbf xcfux6l x1qhh985 xm0m39n x9f619 x1ypdohk xt0psk2 xe8uvvx xdj266r x11i5rnm xat24cr x1mh8g0r xexx8yu x4uap5 x18d9i69 xkhd6sd x16tdsg8 x1hl2dhg xggy1nq x1a2a7pz xt0b8zv x1fey0fg xo1l8bm\" style=\"color: #000000;\" tabindex=\"0\" role=\"link\" href=\"https:\/\/www.facebook.com\/siauliulietausvaikai?__cft__[0]=AZWqmkf2YM6LJRU9Y4oCOmj1lOtDx_Z-e_fRyKCsSE8O0jvP6VIDv-jj397c1FfHv2QaZUrfFrJSUnRv9D8xIxhHWXn-VuX3xEExU9x5E9simn8g69UYIV5qEOvvJTaIjORgWAB1vkfiT_88rFqdKTeuqQJdlFiFYHbVCAK93rJmjqHbspZsq8e8sH--gjxuShV4HkMoG__30YunI_0d8lzB&amp;__tn__=-]K-R\"><span class=\"xt0psk2\">\u0160iauli\u0173 lietaus vaikai<\/span><\/a>\u201c vadov\u0117, dr. Margarita Jurevi\u010dien\u0117, Vilniaus universiteto \u0160iauli\u0173 akademijos Edukologijos instituto d\u0117stytoja, \u0160iauli\u0173 \u201eRinguvos\u201c mokyklos specialioji pedagog\u0117 metodinink\u0117, Viktorija Mizgerien\u0117, autisti\u0161ko vaiko mama, Vilniaus universiteto \u0160iauli\u0173 akademijos specialiosios pedagogikos student\u0117, Asociacijos ,,\u0160iauli\u0173 lietaus vaikai\u201c nar\u0117. Forum\u0105 \u2013 diskusij\u0105 moderavo dr. Margarita Jurevi\u010dien\u0117, Vilniaus universiteto \u0160iauli\u0173 akademijos Edukologijos instituto d\u0117stytoja, \u0160iauli\u0173 \u201eRinguvos\u201c mokyklos specialioji pedagog\u0117 metodinink\u0117.<\/span><\/h6>\n<p><!--more--><\/p>\n\n\n<p class=\"has-black-color has-text-color has-small-font-size wp-block-paragraph\">D\u017eiaugiam\u0117s t\u0117veliu aktyviu dalyvavimu, net sulauk\u0117me sve\u010di\u0173 i\u0161 Akmen\u0117s rajono autizmo asociacijos \u201eLietaus vaikai\u201c. A\u010di\u016b mokytojai Lijanai P. u\u017e paruo\u0161t\u0105 erdv\u0119 mokini\u0173 pie\u0161iniais. Po \u012fvykusio forumo \u2013 diskusijos mus pasiek\u0117 prane\u0161\u0117j\u0173 atsiliepimai.<\/p>\n\n\n\n<p class=\"has-black-color has-text-color has-small-font-size wp-block-paragraph\">Ligita Mickien\u0117: visada naudinga i\u0161girsti s\u0117kmingas t\u0117v\u0173 patirtis. Tada supranti kokia prasminga ilgai, kantri, nuosekli pagalba vaikui. Ji tiesiog daro stebuklus. A\u010di\u016b T\u0117vams u\u017e atvirus pasidalinimus.<\/p>\n\n\n\n<p class=\"has-black-color has-text-color has-small-font-size wp-block-paragraph\">Elena Gird\u017ei\u016bnien\u0117: vertinu teigiamai, forumas \u2013 diskusija patiko. Dauguma dalyvi\u0173 i\u0161sak\u0117 savo nuomon\u0119, kad ji buvo naudinga. Labai profesionaliai pravesta.<\/p>\n\n\n\n<p class=\"has-black-color has-text-color has-small-font-size wp-block-paragraph\">Ingrida Jurevi\u010di\u016bt\u0117-\u0160ak\u0117: renginys man pasirod\u0117 aktualus ir naudingas. Mamos turi kuo dalintis, gal tik ne visada dr\u0105sos u\u017etenka. Smagu b\u016bt\u0173 daugiau t\u0117v\u0173 patir\u010di\u0173 i\u0161girsti. Puiki prad\u017eia, linkiu kad \u0161is renginys tapt\u0173 tradiciniu.<\/p>\n\n\n\n<p class=\"has-black-color has-text-color has-small-font-size wp-block-paragraph\">Viktorija Mizgerien\u0117: forumas &#8211; diskusija &#8222;T\u0117vai t\u0117vams&#8221; puikiai pavyk\u0119s renginys. Kokybi\u0161ki specialist\u0173 ir t\u0117v\u0173 prane\u0161imai, praturtino ne tik dalyvavusi\u0173 t\u0117v\u0173 bet ir pedagog\u0173 \u017eini\u0173 baga\u017e\u0105. Renginyje buvo dalinamasi asmenine kiekvieno prane\u0161\u0117jo patirtimi. Ateityje reik\u0117t\u0173 rengti bent jau vien\u0105 kart\u0105 metuose tokio tipo forumus-diskusijas.<\/p>\n\n\n\n<p class=\"has-black-color has-text-color has-small-font-size wp-block-paragraph\">Informacij\u0105 pareng\u0117 mokytoja R.Vaitiek\u016bnait\u0117<\/p>\n","protected":false},"excerpt":{"rendered":"<p>Baland\u017eio 23 dien\u0105 \u0160iauli\u0173 \u201eRinguvos\u201c mokykloje vyko forumas &#8211; diskusija \u201eT\u0117vai t\u0117vams\u201c. Forumo &#8211; diskusijos tikslas\u2013skatinti t\u0117v\u0173 (glob\u0117j\u0173, r\u016bpintoj\u0173), mokytoj\u0173, pagalbos mokiniui specialist\u0173 bendradarbiavim\u0105 konstruojant \u012f s\u0117km\u0119 orientuot\u0105 mokini\u0173 ugdym\u0105(si). Savo patirtimi dalinosi: Ligita Mickien\u0117, \u0160iauli\u0173 miesto pedagogin\u0117s psichologin\u0117s tarnybos &hellip; <a href=\"https:\/\/ringuvos-sm.siauliai.lm.lt\/?p=20008\">Continue reading <span class=\"meta-nav\">&rarr;<\/span><\/a><\/p>\n","protected":false},"author":2,"featured_media":0,"comment_status":"closed","ping_status":"closed","sticky":false,"template":"","format":"standard","meta":{"ngg_post_thumbnail":0,"footnotes":""},"categories":[1],"tags":[],"class_list":["post-20008","post","type-post","status-publish","format-standard","hentry","category-aktualijos"],"_links":{"self":[{"href":"https:\/\/ringuvos-sm.siauliai.lm.lt\/index.php?rest_route=\/wp\/v2\/posts\/20008","targetHints":{"allow":["GET"]}}],"collection":[{"href":"https:\/\/ringuvos-sm.siauliai.lm.lt\/index.php?rest_route=\/wp\/v2\/posts"}],"about":[{"href":"https:\/\/ringuvos-sm.siauliai.lm.lt\/index.php?rest_route=\/wp\/v2\/types\/post"}],"author":[{"embeddable":true,"href":"https:\/\/ringuvos-sm.siauliai.lm.lt\/index.php?rest_route=\/wp\/v2\/users\/2"}],"replies":[{"embeddable":true,"href":"https:\/\/ringuvos-sm.siauliai.lm.lt\/index.php?rest_route=%2Fwp%2Fv2%2Fcomments&post=20008"}],"version-history":[{"count":4,"href":"https:\/\/ringuvos-sm.siauliai.lm.lt\/index.php?rest_route=\/wp\/v2\/posts\/20008\/revisions"}],"predecessor-version":[{"id":20012,"href":"https:\/\/ringuvos-sm.siauliai.lm.lt\/index.php?rest_route=\/wp\/v2\/posts\/20008\/revisions\/20012"}],"wp:attachment":[{"href":"https:\/\/ringuvos-sm.siauliai.lm.lt\/index.php?rest_route=%2Fwp%2Fv2%2Fmedia&parent=20008"}],"wp:term":[{"taxonomy":"category","embeddable":true,"href":"https:\/\/ringuvos-sm.siauliai.lm.lt\/index.php?rest_route=%2Fwp%2Fv2%2Fcategories&post=20008"},{"taxonomy":"post_tag","embeddable":true,"href":"https:\/\/ringuvos-sm.siauliai.lm.lt\/index.php?rest_route=%2Fwp%2Fv2%2Ftags&post=20008"}],"curies":[{"name":"wp","href":"https:\/\/api.w.org\/{rel}","templated":true}]}}